[{"@context":"https:\/\/schema.org\/","@type":"Article","@id":"https:\/\/www.karman.sk\/nechajte-deti-ist\/#Article","mainEntityOfPage":"https:\/\/www.karman.sk\/nechajte-deti-ist\/","headline":"Nechajte deti \u00eds\u0165","name":"Nechajte deti \u00eds\u0165","description":"Mysleli ste niekedy na to, \u017ee sa raz ods\u0165ahujete od svojich rodi\u010dov? Existuj\u00fa toti\u017eto \u013eudia, ktor\u00ed na to od ist\u00e9ho veku myslia naozaj...","datePublished":"2018-02-17","dateModified":"2023-04-25","author":{"@type":"Person","@id":"https:\/\/www.karman.sk\/author\/#Person","name":"","url":"https:\/\/www.karman.sk\/author\/","identifier":1,"image":{"@type":"ImageObject","@id":"https:\/\/secure.gravatar.com\/avatar\/087c2e57f451bc02fa8017914855d7c40cf6c7d5dc1637b868e007adc26322d1?s=96&d=mm&r=g","url":"https:\/\/secure.gravatar.com\/avatar\/087c2e57f451bc02fa8017914855d7c40cf6c7d5dc1637b868e007adc26322d1?s=96&d=mm&r=g","height":96,"width":96}},"publisher":{"@type":"Organization","name":"karman.sk","logo":{"@type":"ImageObject","@id":"\/logo.png","url":"\/logo.png","width":600,"height":60}},"image":{"@type":"ImageObject","@id":"https:\/\/www.karman.sk\/wp-content\/uploads\/img_a286106_w16467_t1521707985.jpg","url":"https:\/\/www.karman.sk\/wp-content\/uploads\/img_a286106_w16467_t1521707985.jpg","height":0,"width":0},"url":"https:\/\/www.karman.sk\/nechajte-deti-ist\/","about":["N\u00e1kupy"],"wordCount":402,"articleBody":"            Mysleli ste niekedy na to, \u017ee sa raz ods\u0165ahujete od svojich rodi\u010dov? Existuj\u00fa toti\u017eto \u013eudia, ktor\u00ed na to od ist\u00e9ho veku myslia naozaj doslova ka\u017ed\u00fd de\u0148. \u0164a\u017eko poveda\u0165, \u010do ich k tomu vlastne vedie. Ak m\u00e1 niekto doma nepriazniv\u00fa situ\u00e1ciu, naozaj sa to d\u00e1 pochopi\u0165. Predsa len, ka\u017ed\u00fd z n\u00e1s nejako vyrastal a nie ka\u017ed\u00fd z n\u00e1s mal tak\u00e9 mo\u017enosti a tak\u00e9 spomienky, ako m\u00e1me my ostatn\u00ed. Ale existuj\u00fa \u013eudia, ktor\u00ed mali doma v\u0161etko v pohode a napriek tomu sa nevedia do\u010dka\u0165 d\u0148a, kedy sa za nimi zavr\u00fa dvere. Ktovie \u010di sa na t\u00fa chv\u00ed\u013eu te\u0161ia aj jeho rodi\u010dia. No mus\u00edm poveda\u0165, \u017ee ja som bol jeden z t\u00fdch \u013eud\u00ed.NEVIETE SA DO\u010cKA\u0164 S\u0164AHOVANIA? M\u00e1m pocit, \u017ee som u\u017e od osemn\u00e1stky \u0161etril peniaze z ka\u017edej zarobenej brig\u00e1dy, aby som mal raz na to, \u017ee od\u00eddem a u\u017e sa nepozriem nasp\u00e4\u0165. Nebolo to jednoduch\u00e9, tv\u00e1ri\u0165 sa pred na\u0161imi, http:\/\/www.bubny.org\/cz\/podporte-nas\/stante-se-nasimi-partnery  \u017ee s nimi budem cel\u00fd \u017eivot, aj ke\u010f som sa chcel priam z\u00fafalo osamostatni\u0165. \u010clovek si mysl\u00ed, \u017ee je to \u013eahk\u00e9, ale ke\u010f vid\u00edte svoju mamu, ako si v\u00e1s predstavuje doma aspo\u0148 do tridsiatky, tro\u0161ku to s vami zam\u00e1va. Napriek tomu som bol predsa chlap, musel som od\u00eds\u0165 a ona to musela pochopi\u0165. Aj ke\u010f jej to \u0161lo trochu \u0165a\u017e\u0161ie, ako by som o\u010dak\u00e1val.M\u00c1M V\u0160ETKO? Ot\u00e1zkou v\u0161ak bolo \u010di som si re\u00e1lne uvedomil, \u010do v\u0161etko budem potrebova\u0165. Pri\u0161iel som do bytu, v ktorom na balk\u00f3ne nebolo z\u00e1bradlie https:\/\/lmmont.sk\/nerezove-zabradlia\/. Nemal som \u017eiadne z\u00e1vesy a asi nemus\u00edm hovori\u0165 o tom, \u017ee mi absol\u00fatne nenapadlo, \u017ee budem potrebova\u0165 aj nejak\u00e9 veci do kuchyne. No napriek tomu som bol odhodlan\u00fd, aj ke\u010f ma moja mama v\u00f4bec nepodporila. Raz mo\u017eno pochop\u00ed, \u017ee jej syn na nej nem\u00f4\u017ee zosta\u0165 cel\u00fd \u017eivot prilepen\u00fd. Aspo\u0148 otec mi uk\u00e1zal, \u010do a ako. Ja som si takto splnil svoj sen. Aj ke\u010f som bol zo za\u010diatku tot\u00e1lne straten\u00fd, potom som pochopil, \u017ee takto to m\u00e1 by\u0165 a \u017ee sa raz ur\u010dite n\u00e1jdem. A na\u0161iel som sa celkom r\u00fdchlo, aspo\u0148 mysl\u00edm.                                                                                                                                                                                                                                                                                                                                                                                          3.9\/5 - (8 votes)        "},{"@context":"https:\/\/schema.org\/","@type":"BreadcrumbList","itemListElement":[{"@type":"ListItem","position":1,"name":"Nechajte deti \u00eds\u0165","item":"https:\/\/www.karman.sk\/nechajte-deti-ist\/#breadcrumbitem"}]}]